{"id":233,"date":"2021-12-06T08:01:22","date_gmt":"2021-12-06T08:01:22","guid":{"rendered":"https:\/\/waldhaus-woerth.de\/?p=233"},"modified":"2021-12-06T08:01:22","modified_gmt":"2021-12-06T08:01:22","slug":"aussenbereich-neu-gestaltet","status":"publish","type":"post","link":"https:\/\/waldhaus-woerth.de\/?p=233","title":{"rendered":"Au\u00dfenbereich neu gestaltet"},"content":{"rendered":"\n<p>Der Winter kann kommen!<br><\/p>\n\n\n\n<p>Gerne k\u00f6nnen Sie jetzt auch unseren beheizten Au\u00dfenbereich nutzen. <br><br>Danke an die Firma Tartler Haingrund f\u00fcr die tolle und schnelle Umsetzung unserer Au\u00dfengastronomie.<br><br>Zur Zeit gilt 2G bei uns.<br><br>Liebe Gr\u00fc\u00dfe<br>Euer Waldhaus-Team<\/p>\n\n\n\n<figure class=\"wp-block-gallery columns-2 is-cropped wp-block-gallery-1 is-layout-flex wp-block-gallery-is-layout-flex\"><ul class=\"blocks-gallery-grid\"><li class=\"blocks-gallery-item\"><figure><img loading=\"lazy\" decoding=\"async\" width=\"1024\" height=\"768\" src=\"https:\/\/waldhaus-woerth.de\/wp-content\/uploads\/2021\/12\/Waldhaus2-1024x768.jpg\" alt=\"\" data-id=\"234\" data-full-url=\"https:\/\/waldhaus-woerth.de\/wp-content\/uploads\/2021\/12\/Waldhaus2.jpg\" data-link=\"https:\/\/waldhaus-woerth.de\/?attachment_id=234\" class=\"wp-image-234\" srcset=\"https:\/\/waldhaus-woerth.de\/wp-content\/uploads\/2021\/12\/Waldhaus2-1024x768.jpg 1024w, https:\/\/waldhaus-woerth.de\/wp-content\/uploads\/2021\/12\/Waldhaus2-300x225.jpg 300w, https:\/\/waldhaus-woerth.de\/wp-content\/uploads\/2021\/12\/Waldhaus2-768x576.jpg 768w, https:\/\/waldhaus-woerth.de\/wp-content\/uploads\/2021\/12\/Waldhaus2-1536x1152.jpg 1536w, https:\/\/waldhaus-woerth.de\/wp-content\/uploads\/2021\/12\/Waldhaus2-676x507.jpg 676w, https:\/\/waldhaus-woerth.de\/wp-content\/uploads\/2021\/12\/Waldhaus2.jpg 2048w\" sizes=\"auto, (max-width: 1024px) 100vw, 1024px\" \/><\/figure><\/li><li class=\"blocks-gallery-item\"><figure><img loading=\"lazy\" decoding=\"async\" width=\"1024\" height=\"576\" src=\"https:\/\/waldhaus-woerth.de\/wp-content\/uploads\/2021\/12\/Waldhaus1-1024x576.jpg\" alt=\"\" data-id=\"235\" data-full-url=\"https:\/\/waldhaus-woerth.de\/wp-content\/uploads\/2021\/12\/Waldhaus1.jpg\" data-link=\"https:\/\/waldhaus-woerth.de\/?attachment_id=235\" class=\"wp-image-235\" srcset=\"https:\/\/waldhaus-woerth.de\/wp-content\/uploads\/2021\/12\/Waldhaus1-1024x576.jpg 1024w, https:\/\/waldhaus-woerth.de\/wp-content\/uploads\/2021\/12\/Waldhaus1-300x169.jpg 300w, https:\/\/waldhaus-woerth.de\/wp-content\/uploads\/2021\/12\/Waldhaus1-768x432.jpg 768w, https:\/\/waldhaus-woerth.de\/wp-content\/uploads\/2021\/12\/Waldhaus1-1536x864.jpg 1536w, https:\/\/waldhaus-woerth.de\/wp-content\/uploads\/2021\/12\/Waldhaus1-676x380.jpg 676w, https:\/\/waldhaus-woerth.de\/wp-content\/uploads\/2021\/12\/Waldhaus1.jpg 2048w\" sizes=\"auto, (max-width: 1024px) 100vw, 1024px\" \/><\/figure><\/li><\/ul><\/figure>\n","protected":false},"excerpt":{"rendered":"<p>Der Winter kann kommen! Gerne k\u00f6nnen Sie jetzt auch unseren beheizten Au\u00dfenbereich nutzen. Danke an die Firma Tartler Haingrund f\u00fcr die tolle und schnelle Umsetzung unserer Au\u00dfengastronomie. Zur Zeit gilt 2G bei uns. Liebe Gr\u00fc\u00dfeEuer Waldhaus-Team<\/p>\n","protected":false},"author":2,"featured_media":0,"comment_status":"open","ping_status":"open","sticky":false,"template":"","format":"standard","meta":{"footnotes":""},"categories":[1],"tags":[],"class_list":["post-233","post","type-post","status-publish","format-standard","hentry","category-uncategorized","post-preview"],"_links":{"self":[{"href":"https:\/\/waldhaus-woerth.de\/index.php?rest_route=\/wp\/v2\/posts\/233","targetHints":{"allow":["GET"]}}],"collection":[{"href":"https:\/\/waldhaus-woerth.de\/index.php?rest_route=\/wp\/v2\/posts"}],"about":[{"href":"https:\/\/waldhaus-woerth.de\/index.php?rest_route=\/wp\/v2\/types\/post"}],"author":[{"embeddable":true,"href":"https:\/\/waldhaus-woerth.de\/index.php?rest_route=\/wp\/v2\/users\/2"}],"replies":[{"embeddable":true,"href":"https:\/\/waldhaus-woerth.de\/index.php?rest_route=%2Fwp%2Fv2%2Fcomments&post=233"}],"version-history":[{"count":1,"href":"https:\/\/waldhaus-woerth.de\/index.php?rest_route=\/wp\/v2\/posts\/233\/revisions"}],"predecessor-version":[{"id":236,"href":"https:\/\/waldhaus-woerth.de\/index.php?rest_route=\/wp\/v2\/posts\/233\/revisions\/236"}],"wp:attachment":[{"href":"https:\/\/waldhaus-woerth.de\/index.php?rest_route=%2Fwp%2Fv2%2Fmedia&parent=233"}],"wp:term":[{"taxonomy":"category","embeddable":true,"href":"https:\/\/waldhaus-woerth.de\/index.php?rest_route=%2Fwp%2Fv2%2Fcategories&post=233"},{"taxonomy":"post_tag","embeddable":true,"href":"https:\/\/waldhaus-woerth.de\/index.php?rest_route=%2Fwp%2Fv2%2Ftags&post=233"}],"curies":[{"name":"wp","href":"https:\/\/api.w.org\/{rel}","templated":true}]}}